{"id":11806,"date":"2021-02-07T17:30:57","date_gmt":"2021-02-07T16:30:57","guid":{"rendered":"https:\/\/ch2021.ch\/manifest-ch-2021-dampf-machen\/"},"modified":"2021-10-29T13:21:16","modified_gmt":"2021-10-29T11:21:16","slug":"manifest-ch-2021-a-toute-vapeur","status":"publish","type":"post","link":"https:\/\/ch2021.ch\/fr\/manifest-ch-2021-a-toute-vapeur\/","title":{"rendered":"Manifeste CH2021: \u00abA toute vapeur!\u00bb"},"content":{"rendered":"<p style=\"text-align: center;\">A l&rsquo;occasion du 50<sup>e<\/sup> anniversaire du suffrage f\u00e9minin, le comit\u00e9 de l&rsquo;association CH2021 a r\u00e9dig\u00e9 ce manifeste pour le 7\u00a0f\u00e9vrier 2021 et l&rsquo;a transmis au Conseil f\u00e9d\u00e9ral.<\/p>\n\n<style type=\"text\/css\" data-created_by=\"avia_inline_auto\" id=\"style-css-av-1bw3akd-33eb553a21e94c3a141af4268023456a\">\n#top .hr.av-1bw3akd-33eb553a21e94c3a141af4268023456a{\nmargin-top:40px;\nmargin-bottom:40px;\n}\n.hr.av-1bw3akd-33eb553a21e94c3a141af4268023456a .hr-inner{\nwidth:50px;\nborder-color:#ff7707;\nmax-width:45%;\n}\n.hr.av-1bw3akd-33eb553a21e94c3a141af4268023456a .av-seperator-icon{\ncolor:#ff7707;\n}\n.hr.av-1bw3akd-33eb553a21e94c3a141af4268023456a .av-seperator-icon.avia-svg-icon svg:first-child{\nfill:#ff7707;\nstroke:#ff7707;\n}\n<\/style>\n<div  class='hr av-1bw3akd-33eb553a21e94c3a141af4268023456a hr-custom  avia-builder-el-0  el_before_av_hr  avia-builder-el-first  hr-center hr-icon-yes'><span class='hr-inner inner-border-av-border-thin'><span class=\"hr-inner-style\"><\/span><\/span><span class='av-seperator-icon avia-iconfont avia-font-entypo-fontello' data-av_icon='\ue89a' data-av_iconfont='entypo-fontello' ><\/span><span class='hr-inner inner-border-av-border-thin'><span class=\"hr-inner-style\"><\/span><\/span><\/div>\n<p class=\"p1\" style=\"text-align: center;\"><strong>7 f\u00e9vrier 2021: 50 ans du droit f\u00e9d\u00e9ral de vote et d\u2019\u00e9lection pour les femmes suisses<\/strong><\/p>\n<h1 class=\"p1\" style=\"text-align: center;\">Manifeste CH2021: \u00abA toute vapeur!\u00bb<\/h1>\n<h1 class=\"p1\" style=\"text-align: center;\">Dampf machen! \u2013 Avanti Tutta! \u2013 Full Steam Ahead!<\/h1>\n<p class=\"p1\" style=\"text-align: center;\">Avec le refus du droit de vote des femmes jusqu&rsquo;en 1971, les femmes* suisses ont \u00e9t\u00e9 priv\u00e9es de leurs droits humains. Elles ont \u00e9t\u00e9 d\u00e9lib\u00e9r\u00e9ment emp\u00each\u00e9es d&rsquo;exercer leurs droits d\u00e9mocratiques et donc de contribuer \u00e0 fa\u00e7onner leur syst\u00e8me juridique et leur soci\u00e9t\u00e9. Le pr\u00e9sent jubil\u00e9 pourrait \u00eatre l&rsquo;occasion d&rsquo;une reconnaissance de cette injustice. La discussion porte sur les excuses du Conseil f\u00e9d\u00e9ral.<\/p>\n<p class=\"p1\" style=\"text-align: center;\">Pour les femmes du comit\u00e9 de CH2021, il est cependant moins question d&rsquo;excuses que de quelque chose de plus fondamental et de futur.<\/p>\n<p class=\"p1\" style=\"text-align: center;\">Nous demandons au Conseil f\u00e9d\u00e9ral pour la prochaine session de pr\u00e9voir une journ\u00e9e de connaissance et de reconnaissance de l&rsquo;injustice et des cons\u00e9quences du refus du droit de vote des femmes. Le but est d&rsquo;\u00e9laborer, sur la base des d\u00e9ficits identifi\u00e9s, un plan d&rsquo;action contraignant dans le temps pour la concr\u00e9tisation de l&rsquo;\u00e9galit\u00e9 juridique et effective. La connaissance et la compr\u00e9hension acquises devraient conduire l&rsquo;Assembl\u00e9e f\u00e9d\u00e9rale unie, le gouvernement, mais aussi le grand public, en particulier les \u00e9lecteurs et les \u00e9lectrices, \u00e0 prendre conscience de leur responsabilit\u00e9 collective dans la cr\u00e9ation de rapports sociaux permettant de surmonter la discrimination &#8211; sous toutes ses formes.<\/p>\n<h2 style=\"text-align: center;\">Manifeste CH2021<\/h2>\n<ol>\n<li>\n<p class=\"p1\" style=\"text-align: left;\"><strong>Un aper\u00e7u et un d\u00e9bat public sont n\u00e9cessaires<\/strong><\/p>\n<\/li>\n<\/ol>\n<p class=\"p1\" style=\"text-align: left;\">Premi\u00e8rement, il nous en va du constat, de conna\u00eetre et reconna\u00eetre, que le refus du droit de vote et d&rsquo;\u00e9lection aux femmes suisses \u00e9tait une injustice. Depuis le XIX<span class=\"s1\">e <\/span>si\u00e8cle, des femmes* et des groupes de femmes, ainsi que quelques hommes*, ont r\u00e9clam\u00e9 \u00e0 plusieurs reprises le droit de vote pour les femmes*. Jusqu&rsquo;\u00e0 ce que finalement, en 1957, le Conseil f\u00e9d\u00e9ral, dans son message sur l&rsquo;introduction du suffrage f\u00e9minin [1] , qualifie le refus persistant de violation \u00ab\u00a0de l\u2019\u00e9galit\u00e9 de traitement\u00a0\u00bb et de la \u00ab\u00a0d\u00e9mocratie\u00a0\u00bb et ainsi d&rsquo;injustice. D\u00e8s cet instant, tous pouvaient savoir que les femmes*, avec le refus de leur droit de vote \u00e9taient bafou\u00e9es dans leur dignit\u00e9 humaine et \u00e9taient priv\u00e9es de la reconnaissance d\u2019\u00e9galit\u00e9 en tant qu&rsquo;\u00eatres humains. En cons\u00e9quence, elles ne pouvaient pas participer sur un pied d&rsquo;\u00e9galit\u00e9 \u00e0 la cr\u00e9ation de la soci\u00e9t\u00e9 et de la d\u00e9mocratie. En bref: Le droit d&rsquo;avoir et de revendiquer des droits leur a \u00e9t\u00e9 refus\u00e9.<\/p>\n<p class=\"p1\" style=\"text-align: left;\">Deuxi\u00e8mement, il nous en va d\u2019un d\u00e9bat public et une r\u00e9flexion commune sur la mani\u00e8re dont cette injustice a pu se produire et continue de se produire, et sur les cons\u00e9quences et les effets qui en ont r\u00e9sult\u00e9 et continuent d&rsquo;en r\u00e9sulter. C&rsquo;est pourquoi nous voulons &#8211; au-del\u00e0 de la question du suffrage f\u00e9minin &#8211; souligner la n\u00e9cessit\u00e9 de surmonter toutes les formes de discrimination.<\/p>\n<ol start=\"2\">\n<li>\n<p class=\"p1\" style=\"text-align: left;\"><strong>R\u00e9trospective : Comment cette injustice a pu se produire? Avec quelles cons\u00e9quences?<\/strong><\/p>\n<\/li>\n<\/ol>\n<ul>\n<li style=\"text-align: left;\">\n<p class=\"p1\">D\u00e8s le d\u00e9but, la question de savoir si les femmes* \u00e9taient inclues a \u00e9t\u00e9 d\u00e9battue, \u00e0 savoir lorsque l&rsquo;article 4 de la Constitution f\u00e9d\u00e9rale de 1874 a dispos\u00e9 : \u00ab\u00a0Tous les Suisses sont \u00e9gaux devant la loi\u00a0\u00bb. Et \u00e0 maintes reprises il a \u00e9t\u00e9 consid\u00e9r\u00e9 que la Suisse \u00e9tait un \u00ab\u00a0\u00c9tat masculin\u00a0\u00bb et que, par cons\u00e9quent, \u00ab\u00a0cette d\u00e9signation (\u2026) ne vise que les citoyens suisses du sexe masculin\u00a0\u00bb[2] . Les femmes* n\u2019\u00e9taient pas \u00e9quivalentes aux hommes* et ne pouvaient par cons\u00e9quent pas \u00eatre reconnues \u00e9gales, c&rsquo;est-\u00e0-dire revendiquer les m\u00eames droits que les hommes*. En cons\u00e9quence, elles ont \u00e9t\u00e9 exclues de la participation politique et ne pouvaient pendant longtemps pas prendre part \u00e0 l\u2019influence du syst\u00e8me juridique et la cr\u00e9ation de la soci\u00e9t\u00e9. Il s&rsquo;agit non seulement d&rsquo;une violation de l&rsquo;\u00e9galit\u00e9 juridique, \u00e9l\u00e9ment essentiel de la d\u00e9mocratie, mais aussi de leur dignit\u00e9 humaine.<\/p>\n<\/li>\n<li style=\"text-align: left;\">\n<p class=\"p1\">Dans la soci\u00e9t\u00e9 bourgeoise, on attribuait aux hommes* et aux femmes* des caract\u00e9ristiques diff\u00e9rentes: Les hommes* \u00e9taient consid\u00e9r\u00e9s comme rationnels, actifs, significatifs, valeureux et audessus, en revanche les femmes* \u00e9taient consid\u00e9r\u00e9es comme \u00e9motionnelles, passives, insignifiantes et inf\u00e9rieures. En lien avec cela, diff\u00e9rents domaines sociaux leur ont \u00e9t\u00e9 attribu\u00e9s: Travail et politique versus famille, public versus priv\u00e9. La cons\u00e9quence de cette division, encore aujourd&rsquo;hui, est non seulement que les femmes* sont toujours, en comparaison aux hommes*, consid\u00e9r\u00e9es comme inf\u00e9rieures, mais aussi que leurs activit\u00e9s dans la sph\u00e8re familiale ne sont pas qualifi\u00e9es comme travail et sont non r\u00e9mun\u00e9r\u00e9es. Elles ne sont pas non plus refl\u00e9t\u00e9es dans le produit national brut (le calcul de la valeur de la production totale de notre \u00e9conomie). Leur travail dans la sph\u00e8re professionnelle est \u00e9galement moins valoris\u00e9 et moins bien pay\u00e9. L&rsquo;invocation constante de cette inf\u00e9riorit\u00e9 a conduit \u00e0 leur refuser le droit d&rsquo;exiger des droits politiques.<\/p>\n<\/li>\n<li style=\"text-align: left;\">\n<p class=\"p1\">Une partie des hommes* n&rsquo;\u00e9tait et n&rsquo;est toujours pas pr\u00eate \u00e0 renoncer \u00e0 ses privil\u00e8ges, avantages et confort, qui sont li\u00e9s \u00e0 cette r\u00e9partition et \u00e0 cette valorisation des sexes et de leurs r\u00f4les. Les femmes* et leurs possibilit\u00e9s de se d\u00e9fendre contre leurs d\u00e9savantages \u00e9taient et sont toujours \u00e9troitement limit\u00e9es &#8211; politiquement (organismes d\u2019hommes), \u00e9conomiquement (e. a. in\u00e9galit\u00e9 des salaires), temporellement (ressources) et socialement (travail de \u00abcare\u00bb). C&rsquo;est ce qui rend si difficile de surmonter les d\u00e9ficits en mati\u00e8re d&rsquo;\u00e9galit\u00e9.<\/p>\n<\/li>\n<li style=\"text-align: left;\">\n<p class=\"p1\">L&rsquo;une des cons\u00e9quences les plus essentielles que les femmes* ont connues \u00e0 la suite du refus du droit de vote pourrait bien \u00eatre que beaucoup d&rsquo;entre elles ont int\u00e9rioris\u00e9 la croyance en leur propre inf\u00e9riorit\u00e9. L&rsquo;exigence constante qu&rsquo;elles doivent d&rsquo;abord devenir \u00ab\u00a0comme des hommes\u00a0\u00bb pour pouvoir faire l&rsquo;exp\u00e9rience de la justice est une atteinte r\u00e9p\u00e9t\u00e9e et perp\u00e9tuelle \u00e0 leur dignit\u00e9.<\/p>\n<\/li>\n<li style=\"text-align: left;\">\n<p class=\"p1\">Au sujet de tout ceci, rien n&rsquo;est du pass\u00e9; les femmes* subissent, avant comme apr\u00e8s, des discriminations, des injustices et des indignit\u00e9s, y compris la violence domestique et publique. Avec l&rsquo;introduction du suffrage f\u00e9minin en 1971 &#8211; malgr\u00e9 tous les accomplissements &#8211; les d\u00e9savantages n&rsquo;ont pas \u00e9t\u00e9 combl\u00e9s. Les femmes* sont toujours trait\u00e9es comme si elles ne m\u00e9ritaient pas l&rsquo;\u00e9galit\u00e9.<\/p>\n<\/li>\n<\/ul>\n<ol start=\"3\">\n<li>\n<p class=\"p1\" style=\"text-align: left;\"><strong>Prospective: Appel \u00e0 l&rsquo;action! \u00abA toute vapeur\u00bb<\/strong><\/p>\n<\/li>\n<\/ol>\n<p class=\"p1\" style=\"text-align: left;\">Nous demandons au Conseil f\u00e9d\u00e9ral pour la prochaine session de pr\u00e9voir une journ\u00e9e de connaissance et de reconnaissance de l&rsquo;injustice et des cons\u00e9quences du refus du droit de vote des femmes. Le but est d&rsquo;\u00e9laborer, sur la base des d\u00e9ficits identifi\u00e9s, un plan d&rsquo;action contraignant dans le temps pour la concr\u00e9tisation de l&rsquo;\u00e9galit\u00e9 juridique et effective. La connaissance et la compr\u00e9hension acquises devraient conduire l&rsquo;Assembl\u00e9e f\u00e9d\u00e9rale unie, le gouvernement, mais aussi le grand public, en particulier les \u00e9lecteurs et les \u00e9lectrices, \u00e0 prendre conscience de leur responsabilit\u00e9 collective dans la cr\u00e9ation de rapports sociaux permettant de surmonter la discrimination &#8211; sous toutes ses formes.<\/p>\n<p>Zurich, le 7 f\u00e9vrier 2021<\/p>\n<p>Andrea Maihofer<\/p>\n<p>C\u00e9cile Speitel<\/p>\n<p>Elke Zappe<\/p>\n<p>Elli von Planta<\/p>\n<p>Mary Mayenfisch<\/p>\n<p>Maya Dougoud<\/p>\n<p>Marialuisa Parodi<\/p>\n<p>Zita K\u00fcng<\/p>\n\n<style type=\"text\/css\" data-created_by=\"avia_inline_auto\" id=\"style-css-av-1bw3akd-33eb553a21e94c3a141af4268023456a\">\n#top .hr.av-1bw3akd-33eb553a21e94c3a141af4268023456a{\nmargin-top:40px;\nmargin-bottom:40px;\n}\n.hr.av-1bw3akd-33eb553a21e94c3a141af4268023456a .hr-inner{\nwidth:50px;\nborder-color:#ff7707;\nmax-width:45%;\n}\n.hr.av-1bw3akd-33eb553a21e94c3a141af4268023456a .av-seperator-icon{\ncolor:#ff7707;\n}\n.hr.av-1bw3akd-33eb553a21e94c3a141af4268023456a .av-seperator-icon.avia-svg-icon svg:first-child{\nfill:#ff7707;\nstroke:#ff7707;\n}\n<\/style>\n<div  class='hr av-1bw3akd-33eb553a21e94c3a141af4268023456a hr-custom  avia-builder-el-1  el_after_av_hr  el_before_av_hr  hr-center hr-icon-yes'><span class='hr-inner inner-border-av-border-thin'><span class=\"hr-inner-style\"><\/span><\/span><span class='av-seperator-icon avia-iconfont avia-font-entypo-fontello' data-av_icon='\ue89a' data-av_iconfont='entypo-fontello' ><\/span><span class='hr-inner inner-border-av-border-thin'><span class=\"hr-inner-style\"><\/span><\/span><\/div>\n<p>Notes de bas de page:<\/p>\n<p style=\"text-align: left;\">[1] Feuille F\u00e9d\u00e9rale Nr. 10. Bern. 7.3.1957: 757. MESSAGE du Conseil f\u00e9d\u00e9ral \u00e0 l&rsquo;Assembl\u00e9e f\u00e9d\u00e9rale sur l&rsquo;institution du suffrage f\u00e9minin en mati\u00e8re f\u00e9d\u00e9rale (du 22 f\u00e9vrier 1957) est une d\u00e9claration d\u00e9taill\u00e9e du Conseil f\u00e9d\u00e9ral \u00e0 l&rsquo;occasion de deux postulats des Conseillers aux \u00c9tats Picot et Grendelmeier sur ce sujet. Message 1957<\/p>\n<p style=\"text-align: left;\">[2] Feuille f\u00e9d\u00e9rale 1957, S. 810<\/p>\n<p style=\"text-align: left;\"><div  class='hr av-39csbh-a590c99109d6407efba3e6b97b7c8cb2 hr-default  avia-builder-el-2  el_after_av_hr  avia-builder-el-last '><span class='hr-inner '><span class=\"hr-inner-style\"><\/span><\/span><\/div><\/p>\n<p style=\"text-align: left;\"><strong>T\u00e9l\u00e9chargez le Manifeste en format PDF :<\/strong><\/p>\n<p style=\"text-align: left;\"><a href=\"https:\/\/ch2021.ch\/wp-content\/uploads\/2021\/02\/7.2.2021-Manifest-CH2021_DE.pdf\" target=\"_blank\" rel=\"noopener\">Allemand<\/a> \/ <a href=\"https:\/\/ch2021.ch\/wp-content\/uploads\/2021\/02\/7.2.2021-Manifeste-CH2021_FR.pdf\" target=\"_blank\" rel=\"noopener\">Fran\u00e7ais<\/a> \/ <a href=\"https:\/\/ch2021.ch\/wp-content\/uploads\/2021\/02\/7.2.2021-Manifesto-CH2021_IT.pdf\" target=\"_blank\" rel=\"noopener\">Italien<\/a> \/ <a href=\"https:\/\/ch2021.ch\/wp-content\/uploads\/2021\/02\/7.2.2021-Manifesto-CH2021_EN.pdf\" target=\"_blank\" rel=\"noopener\">Anglais<\/a><\/p>\n<p>Poster<\/p>\n<p><a href=\"https:\/\/ch2021.ch\/wp-content\/uploads\/2021\/02\/DE_Manifest_Poster.pdf\" target=\"_blank\" rel=\"noopener\">Allemand<\/a> \/ <a href=\"https:\/\/ch2021.ch\/wp-content\/uploads\/2021\/02\/FR_Manifest_Poster.pdf\" target=\"_blank\" rel=\"noopener\">Fran\u00e7ais<\/a> \/ <a href=\"https:\/\/ch2021.ch\/wp-content\/uploads\/2021\/02\/IT_Manifest_Poster.pdf\" target=\"_blank\" rel=\"noopener\">Italien<\/a><\/p>\n","protected":false},"excerpt":{"rendered":"<p>A l&rsquo;occasion du 50e anniversaire du suffrage f\u00e9minin, le comit\u00e9 de l&rsquo;association CH2021 a r\u00e9dig\u00e9 ce manifeste pour le 7\u00a0f\u00e9vrier 2021 et l&rsquo;a transmis au Conseil f\u00e9d\u00e9ral. 7 f\u00e9vrier 2021: 50 ans du droit f\u00e9d\u00e9ral de vote et d\u2019\u00e9lection pour les femmes suisses Manifeste CH2021: \u00abA toute vapeur!\u00bb Dampf machen! \u2013 Avanti Tutta! \u2013 Full [&hellip;]<\/p>\n","protected":false},"author":31,"featured_media":0,"comment_status":"closed","ping_status":"closed","sticky":false,"template":"","format":"standard","meta":{"_monsterinsights_skip_tracking":false,"_monsterinsights_sitenote_active":false,"_monsterinsights_sitenote_note":"","_monsterinsights_sitenote_category":0,"footnotes":""},"categories":[303],"tags":[],"class_list":["post-11806","post","type-post","status-publish","format-standard","hentry","category-actualite"],"_links":{"self":[{"href":"https:\/\/ch2021.ch\/fr\/wp-json\/wp\/v2\/posts\/11806","targetHints":{"allow":["GET"]}}],"collection":[{"href":"https:\/\/ch2021.ch\/fr\/wp-json\/wp\/v2\/posts"}],"about":[{"href":"https:\/\/ch2021.ch\/fr\/wp-json\/wp\/v2\/types\/post"}],"author":[{"embeddable":true,"href":"https:\/\/ch2021.ch\/fr\/wp-json\/wp\/v2\/users\/31"}],"replies":[{"embeddable":true,"href":"https:\/\/ch2021.ch\/fr\/wp-json\/wp\/v2\/comments?post=11806"}],"version-history":[{"count":12,"href":"https:\/\/ch2021.ch\/fr\/wp-json\/wp\/v2\/posts\/11806\/revisions"}],"predecessor-version":[{"id":16648,"href":"https:\/\/ch2021.ch\/fr\/wp-json\/wp\/v2\/posts\/11806\/revisions\/16648"}],"wp:attachment":[{"href":"https:\/\/ch2021.ch\/fr\/wp-json\/wp\/v2\/media?parent=11806"}],"wp:term":[{"taxonomy":"category","embeddable":true,"href":"https:\/\/ch2021.ch\/fr\/wp-json\/wp\/v2\/categories?post=11806"},{"taxonomy":"post_tag","embeddable":true,"href":"https:\/\/ch2021.ch\/fr\/wp-json\/wp\/v2\/tags?post=11806"}],"curies":[{"name":"wp","href":"https:\/\/api.w.org\/{rel}","templated":true}]}}