{"id":5643,"date":"2020-05-01T14:45:21","date_gmt":"2020-05-01T12:45:21","guid":{"rendered":"https:\/\/ch2021.ch\/?p=5643"},"modified":"2020-05-08T09:19:22","modified_gmt":"2020-05-08T07:19:22","slug":"penser-la-democratie","status":"publish","type":"post","link":"https:\/\/ch2021.ch\/fr\/penser-la-democratie\/","title":{"rendered":"Penser la d\u00e9mocratie"},"content":{"rendered":"<a href=\"https:\/\/ch2021.ch\/author\/zitak\/\" class=\"wp-user-avatar-link wp-user-avatar-custom\" target=\"_blank\"><\/a>\n<p>2021 sera une ann\u00e9e anniversaire pour la d\u00e9mocratie: En effet, cela fera 50 ans que les femmes suisses ont les m\u00eames droits politiques que les hommes. Je pense que c&rsquo;est une bonne occasion de r\u00e9fl\u00e9chir \u00e0 la d\u00e9mocratie.<\/p>\n<p>D\u00e8s que je pense \u00ab\u00a0d\u00e9mocratie\u00a0\u00bb, mon horizon me d\u00e9passe. Je ne peux pas, \u00e0 moi seule, faire la d\u00e9mocratie. Je dirige donc mon regard vers mon environnement, j&rsquo;observe qui et quoi d&rsquo;autre est sur la route \u00e0 mes c\u00f4t\u00e9s: C&rsquo;est un premier d\u00e9fi. Entre autres choses, cela signifie aussi que je me rends compte que je ne pourrais pas survivre sans les autres. Mon besoin d&rsquo;ind\u00e9pendance et d&rsquo;autonomie incontestable est certes important et juste, mais l&rsquo;ind\u00e9pendance n&rsquo;est qu&rsquo;un c\u00f4t\u00e9 de la m\u00e9daille. L&rsquo;autre c\u00f4t\u00e9, c&rsquo;est le besoin de coop\u00e9ration, d&rsquo;acceptation et de s\u00e9curit\u00e9. En fonction de la situation, j&rsquo;ai tendance \u00e0 plut\u00f4t concentrer mes efforts sur la production d&rsquo;un c\u00f4t\u00e9 ou de l&rsquo;autre de la m\u00e9daille.<\/p>\n<p>La question de savoir comment je suis ind\u00e9pendante et autonome est une chose que je peux d&rsquo;abord d\u00e9terminer avec moi-m\u00eame. Il s&rsquo;agit de mes projets de vie personnels. Pour que mon besoin de coop\u00e9ration, d&rsquo;acceptation et de s\u00e9curit\u00e9 prenne effet, j&rsquo;ai besoin d&rsquo;autres personnes, voire de toute une soci\u00e9t\u00e9. En effet, je ne me sens en s\u00e9curit\u00e9 que lorsque j&rsquo;ai de la nourriture, des v\u00eatements, un logement et lorsque la sant\u00e9, l&rsquo;\u00e9ducation et la culture sont accessibles. Qui d\u00e9termine quels biens sont produits et mis \u00e0 disposition, et dans quelles conditions? Qui est activement impliqu\u00e9 dans la production et la distribution de ces biens? Qui y a acc\u00e8s et comment? Cette organisation complexe peut \u00eatre con\u00e7ue selon diff\u00e9rents principes. \u00ab\u00a0Penser la d\u00e9mocratie\u00a0\u00bb part de l\u00e0 et sugg\u00e8re que nous n\u00e9gociions et prenions les d\u00e9cisions ensemble.<\/p>\n<p>Pour l&rsquo;ann\u00e9e 2021, j&rsquo;esp\u00e8re que de nombreuses personnes r\u00e9fl\u00e9chiront \u00e0 ce qu&rsquo;\u00e9tait la situation lorsque les Suisses d\u00e9cidaient encore et toujours que seuls les hommes m\u00e8neraient ces n\u00e9gociations et prendraient des d\u00e9cisions. Une r\u00e9alit\u00e9 que j&rsquo;ai v\u00e9cue quand j&rsquo;\u00e9tais petite fille. Par exemple, je n&rsquo;arrivais pas \u00e0 concevoir que ma m\u00e8re, qui \u00ab\u00a0tirait\u00a0\u00bb notre famille, ne soit pas autoris\u00e9e \u00e0 mettre une enveloppe dans l&rsquo;urne le dimanche des \u00e9lections et doive attendre avec nous, les enfants, \u00e0 l&rsquo;ext\u00e9rieur du bureau de vote jusqu&rsquo;\u00e0 ce que mon p\u00e8re sorte. C&rsquo;est assez marquant. Je me demande donc sans cesse quand ces r\u00e9miniscences refont surface.<\/p>\n<p>J&rsquo;attends \u00e9galement avec impatience toutes les histoires sur la fa\u00e7on dont la participation des femmes suisses \u00e0 la d\u00e9mocratie se r\u00e9alise depuis le 7 f\u00e9vrier 1971, et sur l&rsquo;impact qu&rsquo;elle a pu avoir. J&rsquo;ai donc aussi \u00e9t\u00e9 marqu\u00e9e par le fait d&rsquo;avoir re\u00e7u une enveloppe de vote portant mon nom et m&rsquo;invitant \u00e0 exprimer mon opinion. Notre d\u00e9mocratie directe me donne la possibilit\u00e9, quatre fois par an, de participer \u00e0 la prise de d\u00e9cision sur un large \u00e9ventail de questions. Notre soci\u00e9t\u00e9 est fond\u00e9e sur l&rsquo;id\u00e9e que les Suisse-sse-s majeur-e-s forment le peuple et doivent avoir leur mot \u00e0 dire.<\/p>\n<p>Les diff\u00e9rentes r\u00e9alit\u00e9s de la vie, les diff\u00e9rentes visions du monde, les diff\u00e9rents milieux et int\u00e9r\u00eats se rejoignent ici. Il n&rsquo;est pas facile de concilier tout cela et de cr\u00e9er une coh\u00e9sion sociale! O\u00f9 et comment avons-nous r\u00e9ussi? O\u00f9 et comment vois-je une n\u00e9cessit\u00e9 d&rsquo;am\u00e9lioration? Toutes ces \u00e9valuations sont importantes et s&rsquo;inscrivent dans un discours commun. Cela permet de maintenir la d\u00e9mocratie en vie et en bonne sant\u00e9.<\/p>\n<p>Lorsque nous avons commenc\u00e9 les pr\u00e9paratifs pour 2021, j&rsquo;ai d\u00fb expliquer encore et encore pourquoi la question de la participation du peuple \u00e0 une d\u00e9mocratie \u00e9tait importante. Tr\u00e8s souvent, j&rsquo;ai constat\u00e9 que beaucoup de gens supposent que c&rsquo;est \u00ab\u00a0comme \u00e7a\u00a0\u00bb chez nous et que cela n&rsquo;est m\u00eame pas remis en question.<\/p>\n<p>Le coronavirus nous a \u00e9galement rattrap\u00e9s sur ce point. Le fait de \u00ab\u00a0penser la d\u00e9mocratie\u00a0\u00bb a consid\u00e9rablement gagn\u00e9 en pertinence. Qui aurait pu penser il y a deux mois \u00e0 peine que l&rsquo;arm\u00e9e suisse serait mobilis\u00e9e, que le Conseil f\u00e9d\u00e9ral prendrait des ordonnances d&rsquo;urgence et que nos fronti\u00e8res seraient ferm\u00e9es? La session parlementaire a \u00e9t\u00e9 interrompue et une nouvelle session a \u00e9t\u00e9 convoqu\u00e9e dans des conditions d&rsquo;organisation totalement nouvelles. Il n&rsquo;a pas encore \u00e9t\u00e9 d\u00e9cid\u00e9 quand les prochains votes et \u00e9lections pourront avoir lieu, car la campagne pr\u00e9paratoire servant \u00e0 se forger une opinion ne peut avoir lieu que dans une mesure tr\u00e8s limit\u00e9e.<\/p>\n<p>Nous ne pouvons donc pas continuer \u00e0 faire ce \u00e0 quoi nous sommes habitu\u00e9s. Pour que la d\u00e9mocratie fonctionne, nous devons repenser et trouver comment nous voulons garantir la participation du peuple. Pour que nous puissions construire, beaucoup doivent aussi s&rsquo;exprimer. Je dois \u00eatre capable de percevoir quelles sont les diff\u00e9rentes opinions, quels sont les arguments avanc\u00e9s, quels sont les int\u00e9r\u00eats qui entrent en jeu. Lorsque je regarde ceux qui prennent la parole, je remarque qu&rsquo;il s&rsquo;agit surtout d&rsquo;hommes &#8211; et pas seulement en Suisse. Les femmes qui occupent des fonctions officielles font l\u2019exception: Notre pr\u00e9sidente de la Conf\u00e9d\u00e9ration, notre ministre de la justice, notre ministre de la d\u00e9fense, la pr\u00e9sidente de la Conf\u00e9rence des directeurs de l&rsquo;instruction publique, la pr\u00e9sidente de la Conf\u00e9rence des directeurs de la sant\u00e9, la pr\u00e9sidente du Conseil national, la secr\u00e9taire d&rsquo;\u00c9tat au Seco (ai-je oubli\u00e9 une femme?). Les autres postes sont occup\u00e9s par des hommes.<\/p>\n<p>De plus, on pose des questions \u00e0 des sp\u00e9cialistes des secteurs de la sant\u00e9, des soins, de l&rsquo;\u00e9conomie, de la culture, des sports, des transports, du droit&#8230; Malheureusement, dans la plupart des cas, ce sont l\u00e0 aussi des hommes qui pr\u00e9sentent leur position et leur opinion. Il est important pour moi que nous engagions un v\u00e9ritable dialogue. Je veux \u00e9galement \u00e9couter des femmes expertes et je veux pouvoir entendre la voix des femmes l\u00e0 o\u00f9 sont abord\u00e9s, dans toute leur diversit\u00e9, des sujets qui les concernent elles aussi. Une bonne coexistence d\u00e9mocratique signifie aussi que les hommes s&rsquo;aper\u00e7oivent de cela et revendiquent leurs participation active. C&rsquo;est ce qui fait avancer notre d\u00e9mocratie.<\/p>\n<p>Je me r\u00e9jouis de toutes les contributions de femmes et d&rsquo;hommes qui refl\u00e8tent notre vie communautaire. C&rsquo;est un sujet br\u00fblant et passionnant. Notre d\u00e9mocratie a encore beaucoup \u00e0 accomplir avant le 50\u00e8me anniversaire du droit de vote des femmes, le 7 f\u00e9vrier 2021: Nous voulons avoir un avenir ensemble malgr\u00e9 le coronavirus. Pour cela, nous avons besoin de l&rsquo;\u00e9nergie et des id\u00e9es de chacune.<\/p>\n<p>Restez en bonne sant\u00e9. Continuez \u00e0 penser la d\u00e9mocratie.<\/p>\n","protected":false},"excerpt":{"rendered":"<p>2021 sera une ann\u00e9e anniversaire pour la d\u00e9mocratie: En effet, cela fera 50 ans que les femmes suisses ont les m\u00eames droits politiques que les hommes. Je pense que c&rsquo;est une bonne occasion de r\u00e9fl\u00e9chir \u00e0 la d\u00e9mocratie. D\u00e8s que je pense \u00ab\u00a0d\u00e9mocratie\u00a0\u00bb, mon horizon me d\u00e9passe. Je ne peux pas, \u00e0 moi seule, faire [&hellip;]<\/p>\n","protected":false},"author":3,"featured_media":5321,"comment_status":"closed","ping_status":"closed","sticky":false,"template":"","format":"standard","meta":{"_monsterinsights_skip_tracking":false,"_monsterinsights_sitenote_active":false,"_monsterinsights_sitenote_note":"","_monsterinsights_sitenote_category":0,"footnotes":""},"categories":[169],"tags":[],"class_list":["post-5643","post","type-post","status-publish","format-standard","has-post-thumbnail","hentry","category-blog-2"],"_links":{"self":[{"href":"https:\/\/ch2021.ch\/fr\/wp-json\/wp\/v2\/posts\/5643","targetHints":{"allow":["GET"]}}],"collection":[{"href":"https:\/\/ch2021.ch\/fr\/wp-json\/wp\/v2\/posts"}],"about":[{"href":"https:\/\/ch2021.ch\/fr\/wp-json\/wp\/v2\/types\/post"}],"author":[{"embeddable":true,"href":"https:\/\/ch2021.ch\/fr\/wp-json\/wp\/v2\/users\/3"}],"replies":[{"embeddable":true,"href":"https:\/\/ch2021.ch\/fr\/wp-json\/wp\/v2\/comments?post=5643"}],"version-history":[{"count":3,"href":"https:\/\/ch2021.ch\/fr\/wp-json\/wp\/v2\/posts\/5643\/revisions"}],"predecessor-version":[{"id":5649,"href":"https:\/\/ch2021.ch\/fr\/wp-json\/wp\/v2\/posts\/5643\/revisions\/5649"}],"wp:featuredmedia":[{"embeddable":true,"href":"https:\/\/ch2021.ch\/fr\/wp-json\/wp\/v2\/media\/5321"}],"wp:attachment":[{"href":"https:\/\/ch2021.ch\/fr\/wp-json\/wp\/v2\/media?parent=5643"}],"wp:term":[{"taxonomy":"category","embeddable":true,"href":"https:\/\/ch2021.ch\/fr\/wp-json\/wp\/v2\/categories?post=5643"},{"taxonomy":"post_tag","embeddable":true,"href":"https:\/\/ch2021.ch\/fr\/wp-json\/wp\/v2\/tags?post=5643"}],"curies":[{"name":"wp","href":"https:\/\/api.w.org\/{rel}","templated":true}]}}