{"id":6288,"date":"2020-06-12T12:00:57","date_gmt":"2020-06-12T10:00:57","guid":{"rendered":"https:\/\/ch2021.ch\/?p=6288"},"modified":"2020-06-12T13:23:24","modified_gmt":"2020-06-12T11:23:24","slug":"gosteli-stiftung-das-gedaechtnis-der-schweizer-frauen","status":"publish","type":"post","link":"https:\/\/ch2021.ch\/fr\/gosteli-stiftung-das-gedaechtnis-der-schweizer-frauen\/","title":{"rendered":"Fondation Gosteli &#8211; La m\u00e9moire des femmes suisses"},"content":{"rendered":"<p><strong><a href=\"https:\/\/ch2021.ch\/author\/silviab\/\" class=\"wp-user-avatar-link wp-user-avatar-custom\" target=\"_blank\"><\/a><\/strong><\/p>\n<p style=\"text-align: left;\">Saviez-vous\u00a0que&#8230;<\/p>\n<ul>\n<li style=\"text-align: left;\">d\u00e8s 1905, les femmes en Suisse aspiraient \u00e0 un meilleur traitement des enfants plac\u00e9s et que la m\u00eame ann\u00e9e, ce sont elles qui ont popularis\u00e9 la formule \u00ab\u00c0 travail \u00e9gal, salaire \u00e9gal\u00bb?<\/li>\n<li style=\"text-align: left;\">en 1896, pr\u00e8s de 100&rsquo;000 femmes se sont engag\u00e9es dans environ 5&rsquo;000 associations pour la collectivit\u00e9 et le bien public?<\/li>\n<li style=\"text-align: left;\">le Conseil f\u00e9d\u00e9ral s\u2019est prononc\u00e9 d\u00e8s 1957 en faveur du suffrage f\u00e9minin?<\/li>\n<li style=\"text-align: left;\">il y avait cependant aussi des femmes qui \u00e9taient fermement oppos\u00e9es au droit de vote?<\/li>\n<li style=\"text-align: left;\">les femmes prenaient aussi position sur des th\u00e8mes \u00ab\u00a0dits\u00a0\u00bb masculins tels que la Loi sur les fabriques, les questions \u00e9conomiques ou l&rsquo;\u00e9nergie atomique?<\/li>\n<\/ul>\n<div id=\"attachment_6252\" style=\"width: 2570px\" class=\"wp-caption alignleft\"><img loading=\"lazy\" decoding=\"async\" aria-describedby=\"caption-attachment-6252\" class=\"wp-image-6252 size-full\" src=\"https:\/\/ch2021.ch\/wp-content\/uploads\/2020\/06\/Banner-Frauenkonferenzen-1905_AGoF-Bro-8977-scaled.jpg\" alt=\" \" width=\"2560\" height=\"1563\" srcset=\"https:\/\/ch2021.ch\/wp-content\/uploads\/2020\/06\/Banner-Frauenkonferenzen-1905_AGoF-Bro-8977-scaled.jpg 2560w, https:\/\/ch2021.ch\/wp-content\/uploads\/2020\/06\/Banner-Frauenkonferenzen-1905_AGoF-Bro-8977-300x183.jpg 300w, https:\/\/ch2021.ch\/wp-content\/uploads\/2020\/06\/Banner-Frauenkonferenzen-1905_AGoF-Bro-8977-1030x629.jpg 1030w, https:\/\/ch2021.ch\/wp-content\/uploads\/2020\/06\/Banner-Frauenkonferenzen-1905_AGoF-Bro-8977-768x469.jpg 768w, https:\/\/ch2021.ch\/wp-content\/uploads\/2020\/06\/Banner-Frauenkonferenzen-1905_AGoF-Bro-8977-1536x938.jpg 1536w, https:\/\/ch2021.ch\/wp-content\/uploads\/2020\/06\/Banner-Frauenkonferenzen-1905_AGoF-Bro-8977-2048x1251.jpg 2048w, https:\/\/ch2021.ch\/wp-content\/uploads\/2020\/06\/Banner-Frauenkonferenzen-1905_AGoF-Bro-8977-1500x916.jpg 1500w, https:\/\/ch2021.ch\/wp-content\/uploads\/2020\/06\/Banner-Frauenkonferenzen-1905_AGoF-Bro-8977-705x431.jpg 705w\" sizes=\"auto, (max-width: 2560px) 100vw, 2560px\" \/><p id=\"caption-attachment-6252\" class=\"wp-caption-text\">Banni\u00e8re de la conf\u00e9rence des femmes de Berne, 1905 (AGoF Bro 8977)<\/p><\/div>\n<p style=\"text-align: left;\">Toutes les informations sur ces faits et bien d\u2019autres encore sont disponibles \u00e0 la <a href=\"https:\/\/www.gosteli-foundation.ch\/fr\" target=\"_blank\" rel=\"noopener noreferrer\">Fondation Gosteli<\/a>, les archives sur l\u2019histoire du mouvement des femmes en Suisse.<\/p>\n<p style=\"text-align: left;\">Nous h\u00e9bergeons plus de <a href=\"https:\/\/www.gosteli-foundation.ch\/fr\/archives\" target=\"_blank\" rel=\"noopener noreferrer\">450 fonds d\u2019archives<\/a>, dont pr\u00e8s de la moiti\u00e9 proviennent d\u2019organisations et d\u2019associations comme l\u2019Alliance F, les Femmes protestantes en Suisse (FPS) ou la Soci\u00e9t\u00e9 suisse des femmes artistes (SSFA). L\u2019autre moiti\u00e9 regroupe des fonds personnels de femmes ayant jou\u00e9 un r\u00f4le important dans des domaines tels que la politique, l&rsquo;\u00e9conomie, l&rsquo;\u00e9ducation, la culture ou la soci\u00e9t\u00e9 au cours des 150\u00a0derni\u00e8res ann\u00e9es, comme par exemple la politicienne Marie Boehlen, l\u2019avocate Gertrud Heinzelmann ou encore l\u2019entrepreneuse et pionni\u00e8re de l&rsquo;\u00e9conomie Else Z\u00fcblin-Spiller. Les archives abritent \u00e9galement une biblioth\u00e8que sp\u00e9cialis\u00e9e et une collection de coupures de presse de plus de 10&rsquo;000 dossiers. Mis bout-\u00e0-bout, tous les documents de nos archives couvriraient pr\u00e8s d&rsquo;un kilom\u00e8tre.<\/p>\n<div id=\"attachment_6258\" style=\"width: 2570px\" class=\"wp-caption alignleft\"><img loading=\"lazy\" decoding=\"async\" aria-describedby=\"caption-attachment-6258\" class=\"wp-image-6258 size-full\" src=\"https:\/\/ch2021.ch\/wp-content\/uploads\/2020\/06\/AGoF-180-81-37-Soldatenstube-scaled.jpg\" alt=\"\" width=\"2560\" height=\"1960\" srcset=\"https:\/\/ch2021.ch\/wp-content\/uploads\/2020\/06\/AGoF-180-81-37-Soldatenstube-scaled.jpg 2560w, https:\/\/ch2021.ch\/wp-content\/uploads\/2020\/06\/AGoF-180-81-37-Soldatenstube-300x230.jpg 300w, https:\/\/ch2021.ch\/wp-content\/uploads\/2020\/06\/AGoF-180-81-37-Soldatenstube-1030x788.jpg 1030w, https:\/\/ch2021.ch\/wp-content\/uploads\/2020\/06\/AGoF-180-81-37-Soldatenstube-768x588.jpg 768w, https:\/\/ch2021.ch\/wp-content\/uploads\/2020\/06\/AGoF-180-81-37-Soldatenstube-1536x1176.jpg 1536w, https:\/\/ch2021.ch\/wp-content\/uploads\/2020\/06\/AGoF-180-81-37-Soldatenstube-2048x1568.jpg 2048w, https:\/\/ch2021.ch\/wp-content\/uploads\/2020\/06\/AGoF-180-81-37-Soldatenstube-1500x1148.jpg 1500w, https:\/\/ch2021.ch\/wp-content\/uploads\/2020\/06\/AGoF-180-81-37-Soldatenstube-705x540.jpg 705w\" sizes=\"auto, (max-width: 2560px) 100vw, 2560px\" \/><p id=\"caption-attachment-6258\" class=\"wp-caption-text\">Aper\u00e7u de l\u2019un des foyers pour soldats cr\u00e9\u00e9s par Else Z\u00fcblin-Spiller (AGoF 180 : 81-37)<\/p><\/div>\n<p style=\"text-align: left;\">Ces documents t\u00e9moignent du fait que depuis le milieu du 19<sup>\u00e8me<\/sup> si\u00e8cle, des femmes se sont engag\u00e9es de diverses mani\u00e8res en Suisse et que, sans avoir de droits politiques propres, elles ont quand m\u00eame marqu\u00e9 de leur empreinte l\u2019histoire moderne de la Suisse.\u00a0Les femmes n\u2019ont obtenu de droits politiques au niveau national qu\u2019en 1971, mais elles ont activement particip\u00e9 \u00e0 la construction de la soci\u00e9t\u00e9 avec leurs organisations.<\/p>\n<div id=\"attachment_6262\" style=\"width: 235px\" class=\"wp-caption alignleft\"><img loading=\"lazy\" decoding=\"async\" aria-describedby=\"caption-attachment-6262\" class=\"wp-image-6262 size-medium\" src=\"https:\/\/ch2021.ch\/wp-content\/uploads\/2020\/06\/Marthe-Gosteli-ca2000Bildnachweis-Gosteli-Stiftung-Foto-Elsbeth-Boss-225x300.jpg\" alt=\"\" width=\"225\" height=\"300\" srcset=\"https:\/\/ch2021.ch\/wp-content\/uploads\/2020\/06\/Marthe-Gosteli-ca2000Bildnachweis-Gosteli-Stiftung-Foto-Elsbeth-Boss-225x300.jpg 225w, https:\/\/ch2021.ch\/wp-content\/uploads\/2020\/06\/Marthe-Gosteli-ca2000Bildnachweis-Gosteli-Stiftung-Foto-Elsbeth-Boss-773x1030.jpg 773w, https:\/\/ch2021.ch\/wp-content\/uploads\/2020\/06\/Marthe-Gosteli-ca2000Bildnachweis-Gosteli-Stiftung-Foto-Elsbeth-Boss-768x1024.jpg 768w, https:\/\/ch2021.ch\/wp-content\/uploads\/2020\/06\/Marthe-Gosteli-ca2000Bildnachweis-Gosteli-Stiftung-Foto-Elsbeth-Boss-1152x1536.jpg 1152w, https:\/\/ch2021.ch\/wp-content\/uploads\/2020\/06\/Marthe-Gosteli-ca2000Bildnachweis-Gosteli-Stiftung-Foto-Elsbeth-Boss-1536x2048.jpg 1536w, https:\/\/ch2021.ch\/wp-content\/uploads\/2020\/06\/Marthe-Gosteli-ca2000Bildnachweis-Gosteli-Stiftung-Foto-Elsbeth-Boss-1125x1500.jpg 1125w, https:\/\/ch2021.ch\/wp-content\/uploads\/2020\/06\/Marthe-Gosteli-ca2000Bildnachweis-Gosteli-Stiftung-Foto-Elsbeth-Boss-529x705.jpg 529w, https:\/\/ch2021.ch\/wp-content\/uploads\/2020\/06\/Marthe-Gosteli-ca2000Bildnachweis-Gosteli-Stiftung-Foto-Elsbeth-Boss.jpg 1800w\" sizes=\"auto, (max-width: 225px) 100vw, 225px\" \/><p id=\"caption-attachment-6262\" class=\"wp-caption-text\">Marthe Gosteli aux archives, pho-to : Elsbeth Boss<\/p><\/div>\n<p style=\"text-align: left;\">Notre fondatrice, Marthe Gosteli (22.12.1917-17.04.2017), a elle-m\u00eame particip\u00e9 au mouvement des femmes et s\u2019est battue pour le suffrage f\u00e9minin. Elle s\u2019est rendu compte que les associations de femmes disposaient de tr\u00e8s nombreuses archives, mais que ces documents \u00e9taient dispers\u00e9s, difficilement accessibles et d\u00e9sordonn\u00e9s. L\u2019historienne et Professeure Beatrix Mesmer de l\u2019Universit\u00e9 de Berne a confirm\u00e9 cet \u00e9tat de fait. En 1982, Marthe Gosteli a cr\u00e9\u00e9 la Fondation et les archives avec la conviction que \u00ab<strong>sans parit\u00e9 dans l\u2019histoire, la femme n\u2019aurajamais les m\u00eames droits que les hommes<\/strong>\u00bb. Les grands accomplissements de celles qui l\u2019avaient pr\u00e9c\u00e9d\u00e9es et qui s&rsquo;\u00e9taient battues \u00e0 ses c\u00f4t\u00e9s ne devaient pas tomber dans l\u2019oubli. L\u2019objectif de Marthe Gosteli avec ses archives \u00e9tait de sauvegarder les actes des femmes pour les g\u00e9n\u00e9rations \u00e0 venir et de les ancrer dans la conscience publique. Marthe Gosteli a ainsi non seulement accompli un travail de pionni\u00e8re en tant que f\u00e9ministe, mais aussi en tant qu\u2019archiviste et chroniqueuse du mouvement des femmes. Elle a pos\u00e9 les premiers jalons qui nous permettent aujourd\u2019hui aux archives de fournir un service public professionnel et national concernant l\u2019histoire du mouvement des femmes en Suisse.<\/p>\n<p style=\"text-align: left;\">Remettre les archives et les documents en \u00e9tat et les rendre accessibles, voil\u00e0 les t\u00e2ches principales de la Fondation. Ces documents deviennent ainsi disponibles pour la recherche et le public et peuvent \u00eatre int\u00e9gr\u00e9s \u00e0 la science, l&rsquo;\u00e9ducation et la culture g\u00e9n\u00e9rale. Nous exploitons ces documents dans des <a href=\"https:\/\/www.gosteli-foundation.ch\/fr\/archives\/recherche\" target=\"_blank\" rel=\"noopener noreferrer\">bases de donn\u00e9es en ligne<\/a>\u00a0conform\u00e9ment aux normes internationales pour les archives et les biblioth\u00e8ques. Ces contenus sont publics, c\u2019est-\u00e0-dire accessibles gratuitement pour toute personne int\u00e9ress\u00e9e.<\/p>\n<div id=\"attachment_6267\" style=\"width: 201px\" class=\"wp-caption alignleft\"><img loading=\"lazy\" decoding=\"async\" aria-describedby=\"caption-attachment-6267\" class=\"wp-image-6267 size-medium\" src=\"https:\/\/ch2021.ch\/wp-content\/uploads\/2020\/06\/AGoF-139-41-08_Bei-den-Huehnern-191x300.jpg\" alt=\"\" width=\"191\" height=\"300\" srcset=\"https:\/\/ch2021.ch\/wp-content\/uploads\/2020\/06\/AGoF-139-41-08_Bei-den-Huehnern-191x300.jpg 191w, https:\/\/ch2021.ch\/wp-content\/uploads\/2020\/06\/AGoF-139-41-08_Bei-den-Huehnern-657x1030.jpg 657w, https:\/\/ch2021.ch\/wp-content\/uploads\/2020\/06\/AGoF-139-41-08_Bei-den-Huehnern-768x1204.jpg 768w, https:\/\/ch2021.ch\/wp-content\/uploads\/2020\/06\/AGoF-139-41-08_Bei-den-Huehnern-980x1536.jpg 980w, https:\/\/ch2021.ch\/wp-content\/uploads\/2020\/06\/AGoF-139-41-08_Bei-den-Huehnern-1306x2048.jpg 1306w, https:\/\/ch2021.ch\/wp-content\/uploads\/2020\/06\/AGoF-139-41-08_Bei-den-Huehnern-957x1500.jpg 957w, https:\/\/ch2021.ch\/wp-content\/uploads\/2020\/06\/AGoF-139-41-08_Bei-den-Huehnern-450x705.jpg 450w, https:\/\/ch2021.ch\/wp-content\/uploads\/2020\/06\/AGoF-139-41-08_Bei-den-Huehnern-scaled.jpg 1633w\" sizes=\"auto, (max-width: 191px) 100vw, 191px\" \/><p id=\"caption-attachment-6267\" class=\"wp-caption-text\">Archives de l\u2019association des femmes rurales de Berne, avec les poules, vers 1928 (AGoF 139-41-08)<\/p><\/div>\n<p style=\"text-align: left;\">Nous \u2013 une \u00e9quipe de trois sp\u00e9cialistes \u00e0 temps partiel \u2013 attachons une grande importance aux conseils dispens\u00e9s sur place aux archives. Mais nos contacts sont vari\u00e9s puisque nous donnons \u00e9galement des renseignements par \u00e9crit et par t\u00e9l\u00e9phone. Nous ne r\u00e9pondons pas seulement aux demandes en lien avec le vote des femmes, puisqu&rsquo;il nous est aussi arriv\u00e9 entre autres de rechercher des \u00e9crits d\u2019organisations f\u00e9minines sur le droit matrimonial, de rassembler des documents concernant l\u2019\u00e9levage des poules, l\u2019histoire du Welschlandjahr (s\u00e9jour d\u2019un an des jeunes filles al\u00e9maniques en Suisse romande) ou encore l\u2019\u00e9volution des professions de soins, ou bien d\u2019essayer de d\u00e9couvrir l\u2019origine de l\u2019abeille ornant le logo d\u2019une association de femmes.<\/p>\n<p style=\"text-align: left;\">Qui fait des recherches dans les archives? Nos usagers sont vari\u00e9s: beaucoup d\u2019\u00e9tudiants et de chercheurs viennent nous rendre visite. C\u2019est ainsi que chaque ann\u00e9e, des travaux universitaires sont publi\u00e9s sur la base de nos fonds. Des jeunes filles font appel \u00e0 nous dans le cadre de leurs travaux de maturit\u00e9 et c\u2019est souvent leur premier contact avec des archives et des manuscrits anciens. Il y a aussi des journalistes en qu\u00eate de photos ou d\u2019informations pour leurs articles. Nous recevons \u00e9galement des repr\u00e9sentantes d\u2019organisations f\u00e9minines qui veulent en savoir plus sur leur histoire, par exemple en pr\u00e9vision d&rsquo;un jubil\u00e9. Des films voient le jour gr\u00e2ce \u00e0 nos archives: la r\u00e9alisatrice Petra Volpe a effectu\u00e9 des recherches tr\u00e8s pouss\u00e9es dans nos archives pour son film \u00abL\u2019Ordre divin\u00bb.<\/p>\n<p style=\"text-align: left;\">Concernant les \u00ab50\u00a0ans du droit de vote et d\u2019\u00e9ligibilit\u00e9 des femmes\u00bb qui seront c\u00e9l\u00e9br\u00e9s en 2021, nous sommes en contact r\u00e9gulier avec diff\u00e9rents mus\u00e9es, collaborateurs et collaboratrices de projets qui rassemblent des documents et des informations issus de nos archives dans le cadre de leur projet pour ce jubil\u00e9.<\/p>\n<div id=\"attachment_6271\" style=\"width: 2570px\" class=\"wp-caption alignleft\"><img loading=\"lazy\" decoding=\"async\" aria-describedby=\"caption-attachment-6271\" class=\"wp-image-6271 size-full\" src=\"https:\/\/ch2021.ch\/wp-content\/uploads\/2020\/06\/AGoF-Fotosammlung-Stimmrechtspetition-1929-scaled.jpg\" alt=\"\" width=\"2560\" height=\"1579\" srcset=\"https:\/\/ch2021.ch\/wp-content\/uploads\/2020\/06\/AGoF-Fotosammlung-Stimmrechtspetition-1929-scaled.jpg 2560w, https:\/\/ch2021.ch\/wp-content\/uploads\/2020\/06\/AGoF-Fotosammlung-Stimmrechtspetition-1929-300x185.jpg 300w, https:\/\/ch2021.ch\/wp-content\/uploads\/2020\/06\/AGoF-Fotosammlung-Stimmrechtspetition-1929-1030x635.jpg 1030w, https:\/\/ch2021.ch\/wp-content\/uploads\/2020\/06\/AGoF-Fotosammlung-Stimmrechtspetition-1929-768x474.jpg 768w, https:\/\/ch2021.ch\/wp-content\/uploads\/2020\/06\/AGoF-Fotosammlung-Stimmrechtspetition-1929-1536x947.jpg 1536w, https:\/\/ch2021.ch\/wp-content\/uploads\/2020\/06\/AGoF-Fotosammlung-Stimmrechtspetition-1929-2048x1263.jpg 2048w, https:\/\/ch2021.ch\/wp-content\/uploads\/2020\/06\/AGoF-Fotosammlung-Stimmrechtspetition-1929-1500x925.jpg 1500w, https:\/\/ch2021.ch\/wp-content\/uploads\/2020\/06\/AGoF-Fotosammlung-Stimmrechtspetition-1929-705x435.jpg 705w\" sizes=\"auto, (max-width: 2560px) 100vw, 2560px\" \/><p id=\"caption-attachment-6271\" class=\"wp-caption-text\">P\u00e9tition pour le droit de vote des femmes, 1929 (collection de photos AGoF)<\/p><\/div>\n<p style=\"text-align: left;\">Le mouvement des femmes a adapt\u00e9 ses causes et ses pratiques \u00e0 chaque \u00e9poque. En tant que centre de documentation, nous suivons aussi avec attention les d\u00e9bats actuels. Dans le cadre de la gr\u00e8ve des femmes de 2019 par exemple, nous avons archiv\u00e9 des articles de presse, des brochures, des tracts et des appels \u00e0 la gr\u00e8ve. Nous continuons \u00e0 prendre sp\u00e9cifiquement en charge des fonds de femmes et d\u2019organisations f\u00e9minines. C\u2019est ainsi que l\u2019on nous a r\u00e9cemment confi\u00e9 les fonds personnels d\u2019Anne-Marie Rey, qui s\u2019est battue sans rel\u00e2che pour d\u00e9criminaliser l\u2019avortement, ou encore les archives de l\u2019Association suisse des jardini\u00e8res (Schweizerischer G\u00e4rtnerinnenverein), qui luttait pour des conditions de travail meilleures et plus \u00e9quitables et qui a \u00e9t\u00e9 dissoute apr\u00e8s 102\u00a0ans d\u2019activit\u00e9.<\/p>\n<div id=\"attachment_6275\" style=\"width: 222px\" class=\"wp-caption alignleft\"><img loading=\"lazy\" decoding=\"async\" aria-describedby=\"caption-attachment-6275\" class=\"wp-image-6275 size-medium\" src=\"https:\/\/ch2021.ch\/wp-content\/uploads\/2020\/06\/AGoF-326_-Flugblatt-Fristenregelung-212x300.jpg\" alt=\"\" width=\"212\" height=\"300\" srcset=\"https:\/\/ch2021.ch\/wp-content\/uploads\/2020\/06\/AGoF-326_-Flugblatt-Fristenregelung-212x300.jpg 212w, https:\/\/ch2021.ch\/wp-content\/uploads\/2020\/06\/AGoF-326_-Flugblatt-Fristenregelung-729x1030.jpg 729w, https:\/\/ch2021.ch\/wp-content\/uploads\/2020\/06\/AGoF-326_-Flugblatt-Fristenregelung-768x1085.jpg 768w, https:\/\/ch2021.ch\/wp-content\/uploads\/2020\/06\/AGoF-326_-Flugblatt-Fristenregelung-1087x1536.jpg 1087w, https:\/\/ch2021.ch\/wp-content\/uploads\/2020\/06\/AGoF-326_-Flugblatt-Fristenregelung-1449x2048.jpg 1449w, https:\/\/ch2021.ch\/wp-content\/uploads\/2020\/06\/AGoF-326_-Flugblatt-Fristenregelung-1062x1500.jpg 1062w, https:\/\/ch2021.ch\/wp-content\/uploads\/2020\/06\/AGoF-326_-Flugblatt-Fristenregelung-499x705.jpg 499w, https:\/\/ch2021.ch\/wp-content\/uploads\/2020\/06\/AGoF-326_-Flugblatt-Fristenregelung-scaled.jpg 1812w\" sizes=\"auto, (max-width: 212px) 100vw, 212px\" \/><p id=\"caption-attachment-6275\" class=\"wp-caption-text\">Brochure issue des archives de l\u2019Union suisse pour d\u00e9criminaliser l\u2019avortement (AGOF 326)<\/p><\/div>\n<p style=\"text-align: left;\">L\u2019archivage et la transmission du savoir ne sont pas gratuits. Tous les ans, la Fondation a en moyenne un d\u00e9ficit de CHF 120\u2018000 \u00e0 couvrir avec ses avoirs en constante diminution. Des contributions de tiers sont indispensables pour assurer une sauvegarde durable de la Fondation et des archives et pour que la Fondation arrive \u00e0 suivre le rythme de l\u2019\u00e8re num\u00e9rique. Le conseil de fondation mise sur un financement \u00e0 piliers multiples\u00a0: capitaux propres, dons, soutien des organisations f\u00e9minines versantes ainsi que des contributions r\u00e9guli\u00e8res de la part des pouvoirs publics. En r\u00e9ponse \u00e0 une motion de 2017, le canton de Berne a laiss\u00e9 entrevoir des contributions dans la mesure o\u00f9 le Conseil f\u00e9d\u00e9ral accorderait lui aussi des contributions.<\/p>\n<p style=\"text-align: left;\">En juin 2019, la Fondation Gosteli a d\u00e9pos\u00e9 une demande de subvention aupr\u00e8s du Conseil f\u00e9d\u00e9ral. La demande est en cours d\u2019examen par le Conseil suisse de la science et le Secr\u00e9tariat d\u2019\u00c9tat \u00e0 la formation, \u00e0 la recherche et \u00e0 l\u2019innovation (SEFRI). Le Conseil national et la Commission de la science, de l&rsquo;\u00e9ducation et de la culture du Conseil des \u00c9tats ont d\u00e9j\u00e0 publi\u00e9 une motion demandant \u00e0 garantir le maintien et le d\u00e9veloppement des archives: <a href=\"https:\/\/www.parlament.ch\/fr\/ratsbetrieb\/suche-curia-vista\/geschaeft?AffairId=20203006\" target=\"_blank\" rel=\"noopener noreferrer\">https:\/\/www.parlament.ch\/fr\/ratsbetrieb\/suche-curia-vista\/geschaeft?AffairId=20203006<\/a><\/p>\n<p style=\"text-align: left;\">Les sources relatives \u00e0 l\u2019histoire des femmes et au mouvement des femmes en Suisse sont en constante augmentation. La Fondation Gosteli assure les bases afin de pouvoir continuer \u00e0 \u00e9tudier l\u2019histoire des femmes en Suisse maintenant et \u00e0 l\u2019avenir. Toute visite ou recherche est la bienvenue!<\/p>\n<p><em>Visite des archives num\u00e9rique: <a href=\"https:\/\/youtu.be\/xNXjACHw-VU\" target=\"_blank\" rel=\"noopener noreferrer\">portrait vid\u00e9o<\/a> sur la Fondation Gosteli r\u00e9alis\u00e9 \u00e0 l\u2019occasion de la remise du Prix de la culture de la commune bourgeoise de Berne 2017.<\/em><\/p>\n<p>&nbsp;<\/p>\n","protected":false},"excerpt":{"rendered":"<p>Saviez-vous\u00a0que&#8230; d\u00e8s 1905, les femmes en Suisse aspiraient \u00e0 un meilleur traitement des enfants plac\u00e9s et que la m\u00eame ann\u00e9e, ce sont elles qui ont popularis\u00e9 la formule \u00ab\u00c0 travail \u00e9gal, salaire \u00e9gal\u00bb? en 1896, pr\u00e8s de 100&rsquo;000 femmes se sont engag\u00e9es dans environ 5&rsquo;000 associations pour la collectivit\u00e9 et le bien public? le Conseil [&hellip;]<\/p>\n","protected":false},"author":12,"featured_media":6319,"comment_status":"closed","ping_status":"closed","sticky":false,"template":"","format":"standard","meta":{"_monsterinsights_skip_tracking":false,"_monsterinsights_sitenote_active":false,"_monsterinsights_sitenote_note":"","_monsterinsights_sitenote_category":0,"footnotes":""},"categories":[169],"tags":[],"class_list":["post-6288","post","type-post","status-publish","format-standard","has-post-thumbnail","hentry","category-blog-2"],"_links":{"self":[{"href":"https:\/\/ch2021.ch\/fr\/wp-json\/wp\/v2\/posts\/6288","targetHints":{"allow":["GET"]}}],"collection":[{"href":"https:\/\/ch2021.ch\/fr\/wp-json\/wp\/v2\/posts"}],"about":[{"href":"https:\/\/ch2021.ch\/fr\/wp-json\/wp\/v2\/types\/post"}],"author":[{"embeddable":true,"href":"https:\/\/ch2021.ch\/fr\/wp-json\/wp\/v2\/users\/12"}],"replies":[{"embeddable":true,"href":"https:\/\/ch2021.ch\/fr\/wp-json\/wp\/v2\/comments?post=6288"}],"version-history":[{"count":5,"href":"https:\/\/ch2021.ch\/fr\/wp-json\/wp\/v2\/posts\/6288\/revisions"}],"predecessor-version":[{"id":6326,"href":"https:\/\/ch2021.ch\/fr\/wp-json\/wp\/v2\/posts\/6288\/revisions\/6326"}],"wp:featuredmedia":[{"embeddable":true,"href":"https:\/\/ch2021.ch\/fr\/wp-json\/wp\/v2\/media\/6319"}],"wp:attachment":[{"href":"https:\/\/ch2021.ch\/fr\/wp-json\/wp\/v2\/media?parent=6288"}],"wp:term":[{"taxonomy":"category","embeddable":true,"href":"https:\/\/ch2021.ch\/fr\/wp-json\/wp\/v2\/categories?post=6288"},{"taxonomy":"post_tag","embeddable":true,"href":"https:\/\/ch2021.ch\/fr\/wp-json\/wp\/v2\/tags?post=6288"}],"curies":[{"name":"wp","href":"https:\/\/api.w.org\/{rel}","templated":true}]}}